{"id":719,"date":"2012-06-01T06:34:07","date_gmt":"2012-06-01T06:34:07","guid":{"rendered":"http:\/\/gluk.fr\/blog\/?p=719"},"modified":"2022-01-21T13:43:10","modified_gmt":"2022-01-21T13:43:10","slug":"week-end-a-bergen-part-i","status":"publish","type":"post","link":"https:\/\/gluk.fr\/blog\/2012\/06\/week-end-a-bergen-part-i\/","title":{"rendered":"Week-end \u00e0 Bergen, Part I"},"content":{"rendered":"\n<p><a title=\"Wikipedia\" href=\"http:\/\/fr.wikipedia.org\/wiki\/Bergen_(Norv%C3%A8ge)\" target=\"_blank\" rel=\"noopener\">Bergen<\/a> est la deuxi\u00e8me ville du pays (~250.000 habitants), situ\u00e9e sur la c\u00f4te Ouest de la Norv\u00e8ge. La ville est surnomm\u00e9e la&nbsp;<em>Seattle&nbsp;europ\u00e9enne<\/em>, &nbsp;avec un nombre de jours de pluie annuel&nbsp;hallucinant (202 jours de pluie en moyenne par an, et&nbsp;jusqu&rsquo;\u00e0&nbsp;85 jours cons\u00e9cutifs en&nbsp;&nbsp;2007). Un de mes coll\u00e8gues natif de la r\u00e9gion m&rsquo;a racont\u00e9 une \u00ab\u00a0blague\u00a0\u00bb qui r\u00e9sume bien la situation:<\/p>\n\n\n\n<blockquote><p>Un homme s&rsquo;adresse \u00e0 un jeune gar\u00e7on dans Bergen:<\/p><ul>\n<li>\u00ab\u00a0Petit, sais-tu s&rsquo;il s&rsquo;arr\u00eate de pleuvoir de temps en temps \u00e0 Bergen?\u00a0\u00bb<\/li>\n<li>\u00ab\u00a0Je ne sais pas je n&rsquo;ai que 12 ans\u00a0\u00bb.<\/li>\n<\/ul><\/blockquote>\n\n\n\n<p>Lorsque l&rsquo;on s&rsquo;est rendu compte de la situation exceptionelle des dix derniers jours (un gros anticyclone <strong>pile poil<\/strong> au dessus de la Scandinavie), et que le Lundi de Pentec\u00f4te \u00e9tait feri\u00e9 en Norv\u00e8ge, c&rsquo;\u00e9tait le bon moment pour prendre des billets de train et de partir \u00e0 la d\u00e9couverte de la ville pour un week-end !<\/p>\n\n\n\n<p>Le trajet en train est long (6h). Et nous, on a fait moiti\u00e9 moiti\u00e9, en prenant un bateau sur la fin. Du coup, 11h de transport, sans compter les correspondances &#8230; Stupide? Absolument pas ! En fait, <strong>le voyage fait partie int\u00e9grante de ce week-end&nbsp;<\/strong>: \u00ab\u00a0<em><a href=\"http:\/\/www.nsb.no\/BergenRailway\/\" target=\"_blank\" rel=\"noopener\">Bergensbanen<\/a><\/em>\u00a0\u00bb est une des plus belles lignes de train au monde. &nbsp;Et si on couple \u00e7a \u00e0 la remont\u00e9e en bateau du <a href=\"http:\/\/fr.wikipedia.org\/wiki\/Sognefjord\" target=\"_blank\" rel=\"noopener\">Sognefjord<\/a>&nbsp;(le plus long fjord d&rsquo;Europe), et ben \u00e7a fait un tr\u00e8s joli voyage, o\u00f9 l&rsquo;on ne voit pas le temps passer.<\/p>\n\n\n\n<div class=\"wp-block-image\"><figure class=\"aligncenter\"><img loading=\"lazy\" decoding=\"async\" width=\"450\" height=\"600\" src=\"https:\/\/gluk.fr\/blog\/wp-content\/uploads\/2012\/06\/carteBergen-450x600.png\" alt=\"\" class=\"wp-image-732\" title=\"carteBergen\" srcset=\"https:\/\/gluk.fr\/blog\/wp-content\/uploads\/2012\/06\/carteBergen-450x600.png 450w, https:\/\/gluk.fr\/blog\/wp-content\/uploads\/2012\/06\/carteBergen-768x1024.png 768w, https:\/\/gluk.fr\/blog\/wp-content\/uploads\/2012\/06\/carteBergen.png 1536w\" sizes=\"(max-width: 450px) 100vw, 450px\" \/><\/figure><\/div>\n\n\n\n<p>On part de <em>Lysaker <\/em>le dimanche, \u00e0 10 minutes \u00e0 pied de la maison. Les lignes de train sont en travaux aux alentours de <em>Drammen<\/em>&nbsp; (comme c&rsquo;est courant en Norv\u00e8ge pendant les week-ends et les vacances), et NSB propose un bus de remplacement pour rejoindre <em>H\u00f8nefoss<\/em>. Ensuite, train \u00ab\u00a0normal\u00a0\u00bb jusqu&rsquo;\u00e0 <em>Myrdal. <\/em>Enfin, normal, c&rsquo;est vite dit &#8230; On commence par suivre une rivi\u00e8re dans une vall\u00e9e verdoyante, et on a vu pire comme paysage &#8230;<\/p>\n\n\n\n<div class=\"wp-block-image\"><figure class=\"aligncenter\"><img decoding=\"async\" src=\"https:\/\/lh3.googleusercontent.com\/-2RX5rsNVVc8\/T8YJpi1yLbI\/AAAAAAAAEdE\/yPBIdKuDMts\/s640\/DSC04613.JPG\" alt=\"\" title=\"Val\u00e9e\"\/><\/figure><\/div>\n\n\n\n<p>On continue ensuite par&nbsp;l&rsquo;ascension&nbsp;des montagnes qui nous s\u00e9parent de Bergen. Du coup, la vall\u00e9e fait place \u00e0 un paysage lunaire, puis \u00e0 un lac gel\u00e9.<\/p>\n\n\n\n<div class=\"wp-block-image\"><figure class=\"aligncenter\"><img decoding=\"async\" src=\"https:\/\/lh3.googleusercontent.com\/-Qy6LtRtGOU8\/T8YKEOMQCXI\/AAAAAAAAEgw\/VyWiB3HimYU\/s640\/DSC04657.JPG\" alt=\"\" title=\"lac gel\u00e9\"\/><\/figure><\/div>\n\n\n\n<p>Les gens qui montent dans le train ont des piolets, et l&rsquo;on apprend qu&rsquo;un des glaciers de Norv\u00e8ge est situ\u00e9 dans le coin. Violent contraste avec les 30 degr\u00e9s d&rsquo;Oslo lors du d\u00e9part 3 heures plus t\u00f4t.<\/p>\n\n\n\n<p>On arrive ensuite \u00e0 <em>Myrdal<\/em>, endroit o\u00f9 nous quittons le <em>Bergensban<\/em> pour prendre le <em>Fl\u00e5mban<\/em>&nbsp;et rejoindre le <em>Sognefjord<\/em>. La ligne est tr\u00e8s (<strong>trop<\/strong>) touristique. &nbsp;Apr\u00e8s s&rsquo;\u00eatre habitu\u00e9 au lifestyle norv\u00e9gien (o\u00f9 les gens dans les transports en commun cherchent \u00e0 s&rsquo;\u00e9loigner le plus possible des autres, et restent silencieux), arriver sur un quai blind\u00e9 de gens tr\u00e8s (<strong>trop<\/strong>) bruyants se marchant sur les pieds pour prendre des photos, \u00e7a fait un choc.<\/p>\n\n\n\n<div class=\"wp-block-image\"><figure class=\"aligncenter\"><img decoding=\"async\" src=\"https:\/\/lh4.googleusercontent.com\/-dkpFBoD0nco\/T8YKaUfcO1I\/AAAAAAAAEkA\/5seg8_ZWL_M\/s640\/DSC04694.JPG\" alt=\"\" title=\"troupeau\"\/><\/figure><\/div>\n\n\n\n<p>Mais bon, quand m\u00eame, les paysages sont&nbsp;r\u00e9ellement&nbsp;\u00e0 tomber.<\/p>\n\n\n\n<div class=\"wp-block-image\"><figure class=\"aligncenter\"><img decoding=\"async\" src=\"https:\/\/lh4.googleusercontent.com\/-WV-XQMEo3Lc\/T8YNBlnHlyI\/AAAAAAAAEmo\/5M-kI-8nFQM\/s640\/DSC04728.JPG\" alt=\"\" title=\"fl\u00e5mbanen\"\/><\/figure><\/div>\n\n\n\n<p>On arrive ensuite \u00e0 <em>Fl\u00e5m<\/em>. Vendu comme un \u00ab\u00a0<em>charmant village en bout de fjord<\/em>\u00ab\u00a0, il s&rsquo;av\u00e8re que le coin est surtout rempli de caf\u00e9s, de boutiques de souvenirs et&nbsp;d&rsquo;h\u00f4tels. Heureusement, on ne reste pas longtemps, notre bateau pour Bergen part dans une heure.<\/p>\n\n\n\n<p>Nous ne prenons pas le bateau purement touristique, mais le bateau express pour <em>Bergen<\/em>. Avec cette option, on ne voit que le <em>Sognefjord<\/em>, mais on \u00e9vite pas mal de touristes s&rsquo;agglutinant dans le circuit touristique \u00ab\u00a0Norway in a nutshell\u00a0\u00bb. Une fois sur le bateau, c&rsquo;est parti pour 5h30 de remont\u00e9e du fjord. Et donc pour 5h30 de \u00ab\u00a0<em>wha la vache, comment c&rsquo;est trop beau!<\/em>\u00ab\u00a0.<\/p>\n\n\n\n<div class=\"wp-block-image\"><figure class=\"aligncenter\"><img decoding=\"async\" src=\"https:\/\/lh3.googleusercontent.com\/-deKNhJ30Yic\/T8YNaAIwbeI\/AAAAAAAAEqY\/HLElTtgA3tU\/s640\/DSC04769.JPG\" alt=\"\" title=\"sogneford, d\u00e9but\"\/><\/figure><\/div>\n\n\n\n<p>En arrivant sur Bergen, le fjord se peuple de maisons typiques :<\/p>\n\n\n\n<div class=\"wp-block-image\"><figure class=\"aligncenter\"><img decoding=\"async\" src=\"https:\/\/lh5.googleusercontent.com\/-JOOCgq3tMBY\/T8YQ_6EzrhI\/AAAAAAAAEyU\/jMgIz1_w0Ig\/s640\/DSC04880.JPG\" alt=\"\" title=\"sognefjord, fin\"\/><\/figure><\/div>\n\n\n\n<p>On arrive \u00e0 Bergen vers 21h. Le temps de trouver l&rsquo;h\u00f4tel, de faire le check-in, de se poser dans la chambre, on est pr\u00eats \u00e0 refaire un tour. Mais la vraie d\u00e9couverte de <em>Bergen<\/em>, ce sera pour demain, et la suite du post &#8230; idem ! En attendant, la vue de la chambre, \u00e0 &#8230; 22h30.<\/p>\n\n\n\n<div class=\"wp-block-image\"><figure class=\"aligncenter\"><img decoding=\"async\" src=\"https:\/\/lh6.googleusercontent.com\/-mUrBKril41A\/T8YROTICFjI\/AAAAAAAAE0Q\/U_AfVdik-Xg\/s640\/DSC04903.JPG\" alt=\"\" title=\"vue chambre\"\/><\/figure><\/div>\n\n\n\n<div class=\"wp-block-buttons is-content-justification-center is-layout-flex wp-block-buttons-is-layout-flex\">\n<div class=\"wp-block-button\"><a class=\"wp-block-button__link\" href=\"https:\/\/photos.app.goo.gl\/KYAyharMKdwFQnfV8\" target=\"_blank\" rel=\"noreferrer noopener\">Voir toutes les photo Fra Oslo til Bergen (Sognefjord)<\/a><\/div>\n<\/div>\n","protected":false},"excerpt":{"rendered":"<p>Bergen est la deuxi\u00e8me ville du pays (~250.000 habitants), situ\u00e9e sur la c\u00f4te Ouest de la Norv\u00e8ge. La ville est surnomm\u00e9e la&nbsp;Seattle&nbsp;europ\u00e9enne, &nbsp;avec un nombre de jours de pluie annuel&nbsp;hallucinant (202 jours de pluie en moyenne par an, et&nbsp;jusqu&rsquo;\u00e0&nbsp;85 jours cons\u00e9cutifs en&nbsp;&nbsp;2007). Un de mes coll\u00e8gues natif de la r\u00e9gion m&rsquo;a racont\u00e9 une \u00ab\u00a0blague\u00a0\u00bb qui&hellip; <a class=\"more-link\" href=\"https:\/\/gluk.fr\/blog\/2012\/06\/week-end-a-bergen-part-i\/\">Poursuivre la lecture <span class=\"screen-reader-text\">Week-end \u00e0 Bergen, Part I<\/span><\/a><\/p>\n<div class='heateorSssClear'><\/div><div  class='heateor_sss_sharing_container heateor_sss_horizontal_sharing' data-heateor-sss-href='https:\/\/gluk.fr\/blog\/2012\/06\/week-end-a-bergen-part-i\/'><div class='heateor_sss_sharing_title' style=\"font-weight:bold\" >Partager :<\/div><div class=\"heateor_sss_sharing_ul\"><a aria-label=\"Facebook\" class=\"heateor_sss_facebook\" href=\"https:\/\/www.facebook.com\/sharer\/sharer.php?u=https%3A%2F%2Fgluk.fr%2Fblog%2F2012%2F06%2Fweek-end-a-bergen-part-i%2F\" title=\"Facebook\" rel=\"nofollow noopener\" target=\"_blank\" style=\"font-size:32px!important;box-shadow:none;display:inline-block;vertical-align:middle\"><span class=\"heateor_sss_svg\" style=\"background-color:#0765FE;width:35px;height:35px;border-radius:999px;display:inline-block;opacity:1;float:left;font-size:32px;box-shadow:none;display:inline-block;font-size:16px;padding:0 4px;vertical-align:middle;background-repeat:repeat;overflow:hidden;padding:0;cursor:pointer;box-sizing:content-box\"><svg style=\"display:block;border-radius:999px;\" focusable=\"false\" aria-hidden=\"true\" xmlns=\"http:\/\/www.w3.org\/2000\/svg\" width=\"100%\" height=\"100%\" viewBox=\"0 0 32 32\"><path fill=\"#fff\" d=\"M28 16c0-6.627-5.373-12-12-12S4 9.373 4 16c0 5.628 3.875 10.35 9.101 11.647v-7.98h-2.474V16H13.1v-1.58c0-4.085 1.849-5.978 5.859-5.978.76 0 2.072.15 2.608.298v3.325c-.283-.03-.775-.045-1.386-.045-1.967 0-2.728.745-2.728 2.683V16h3.92l-.673 3.667h-3.247v8.245C23.395 27.195 28 22.135 28 16Z\"><\/path><\/svg><\/span><\/a><a aria-label=\"Twitter\" class=\"heateor_sss_button_twitter\" href=\"https:\/\/twitter.com\/intent\/tweet?text=Week-end%20%C3%A0%20Bergen%2C%20Part%20I&url=https%3A%2F%2Fgluk.fr%2Fblog%2F2012%2F06%2Fweek-end-a-bergen-part-i%2F\" title=\"Twitter\" rel=\"nofollow noopener\" target=\"_blank\" style=\"font-size:32px!important;box-shadow:none;display:inline-block;vertical-align:middle\"><span class=\"heateor_sss_svg heateor_sss_s__default heateor_sss_s_twitter\" style=\"background-color:#55acee;width:35px;height:35px;border-radius:999px;display:inline-block;opacity:1;float:left;font-size:32px;box-shadow:none;display:inline-block;font-size:16px;padding:0 4px;vertical-align:middle;background-repeat:repeat;overflow:hidden;padding:0;cursor:pointer;box-sizing:content-box\"><svg style=\"display:block;border-radius:999px;\" focusable=\"false\" aria-hidden=\"true\" xmlns=\"http:\/\/www.w3.org\/2000\/svg\" width=\"100%\" height=\"100%\" viewBox=\"-4 -4 39 39\"><path d=\"M28 8.557a9.913 9.913 0 0 1-2.828.775 4.93 4.93 0 0 0 2.166-2.725 9.738 9.738 0 0 1-3.13 1.194 4.92 4.92 0 0 0-3.593-1.55 4.924 4.924 0 0 0-4.794 6.049c-4.09-.21-7.72-2.17-10.15-5.15a4.942 4.942 0 0 0-.665 2.477c0 1.71.87 3.214 2.19 4.1a4.968 4.968 0 0 1-2.23-.616v.06c0 2.39 1.7 4.38 3.952 4.83-.414.115-.85.174-1.297.174-.318 0-.626-.03-.928-.086a4.935 4.935 0 0 0 4.6 3.42 9.893 9.893 0 0 1-6.114 2.107c-.398 0-.79-.023-1.175-.068a13.953 13.953 0 0 0 7.55 2.213c9.056 0 14.01-7.507 14.01-14.013 0-.213-.005-.426-.015-.637.96-.695 1.795-1.56 2.455-2.55z\" fill=\"#fff\"><\/path><\/svg><\/span><\/a><a aria-label=\"Pinterest\" class=\"heateor_sss_button_pinterest\" href=\"https:\/\/gluk.fr\/blog\/2012\/06\/week-end-a-bergen-part-i\/\" onclick=\"event.preventDefault();javascript:void( (function() {var e=document.createElement('script' );e.setAttribute('type','text\/javascript' );e.setAttribute('charset','UTF-8' );e.setAttribute('src','\/\/assets.pinterest.com\/js\/pinmarklet.js?r='+Math.random()*99999999);document.body.appendChild(e)})());\" title=\"Pinterest\" rel=\"noopener\" style=\"font-size:32px!important;box-shadow:none;display:inline-block;vertical-align:middle\"><span class=\"heateor_sss_svg heateor_sss_s__default heateor_sss_s_pinterest\" style=\"background-color:#cc2329;width:35px;height:35px;border-radius:999px;display:inline-block;opacity:1;float:left;font-size:32px;box-shadow:none;display:inline-block;font-size:16px;padding:0 4px;vertical-align:middle;background-repeat:repeat;overflow:hidden;padding:0;cursor:pointer;box-sizing:content-box\"><svg style=\"display:block;border-radius:999px;\" focusable=\"false\" aria-hidden=\"true\" xmlns=\"http:\/\/www.w3.org\/2000\/svg\" width=\"100%\" height=\"100%\" viewBox=\"-2 -2 35 35\"><path fill=\"#fff\" d=\"M16.539 4.5c-6.277 0-9.442 4.5-9.442 8.253 0 2.272.86 4.293 2.705 5.046.303.125.574.005.662-.33.061-.231.205-.816.27-1.06.088-.331.053-.447-.191-.736-.532-.627-.873-1.439-.873-2.591 0-3.338 2.498-6.327 6.505-6.327 3.548 0 5.497 2.168 5.497 5.062 0 3.81-1.686 7.025-4.188 7.025-1.382 0-2.416-1.142-2.085-2.545.397-1.674 1.166-3.48 1.166-4.689 0-1.081-.581-1.983-1.782-1.983-1.413 0-2.548 1.462-2.548 3.419 0 1.247.421 2.091.421 2.091l-1.699 7.199c-.505 2.137-.076 4.755-.039 5.019.021.158.223.196.314.077.13-.17 1.813-2.247 2.384-4.324.162-.587.929-3.631.929-3.631.46.876 1.801 1.646 3.227 1.646 4.247 0 7.128-3.871 7.128-9.053.003-3.918-3.317-7.568-8.361-7.568z\"\/><\/svg><\/span><\/a><a aria-label=\"Email\" class=\"heateor_sss_email\" href=\"https:\/\/gluk.fr\/blog\/2012\/06\/week-end-a-bergen-part-i\/\" onclick=\"event.preventDefault();window.open('mailto:?subject=' + decodeURIComponent('Week-end%20%C3%A0%20Bergen%2C%20Part%20I').replace('&', '%26') + '&body=https%3A%2F%2Fgluk.fr%2Fblog%2F2012%2F06%2Fweek-end-a-bergen-part-i%2F', '_blank')\" title=\"Email\" rel=\"noopener\" style=\"font-size:32px!important;box-shadow:none;display:inline-block;vertical-align:middle\"><span class=\"heateor_sss_svg\" style=\"background-color:#649a3f;width:35px;height:35px;border-radius:999px;display:inline-block;opacity:1;float:left;font-size:32px;box-shadow:none;display:inline-block;font-size:16px;padding:0 4px;vertical-align:middle;background-repeat:repeat;overflow:hidden;padding:0;cursor:pointer;box-sizing:content-box\"><svg style=\"display:block;border-radius:999px;\" focusable=\"false\" aria-hidden=\"true\" xmlns=\"http:\/\/www.w3.org\/2000\/svg\" width=\"100%\" height=\"100%\" viewBox=\"-.75 -.5 36 36\"><path d=\"M 5.5 11 h 23 v 1 l -11 6 l -11 -6 v -1 m 0 2 l 11 6 l 11 -6 v 11 h -22 v -11\" stroke-width=\"1\" fill=\"#fff\"><\/path><\/svg><\/span><\/a><a class=\"heateor_sss_more\" aria-label=\"More\" title=\"More\" rel=\"nofollow noopener\" style=\"font-size: 32px!important;border:0;box-shadow:none;display:inline-block!important;font-size:16px;padding:0 4px;vertical-align: middle;display:inline;\" href=\"https:\/\/gluk.fr\/blog\/2012\/06\/week-end-a-bergen-part-i\/\" onclick=\"event.preventDefault()\"><span class=\"heateor_sss_svg\" style=\"background-color:#ee8e2d;width:35px;height:35px;border-radius:999px;display:inline-block!important;opacity:1;float:left;font-size:32px!important;box-shadow:none;display:inline-block;font-size:16px;padding:0 4px;vertical-align:middle;display:inline;background-repeat:repeat;overflow:hidden;padding:0;cursor:pointer;box-sizing:content-box;\" onclick=\"heateorSssMoreSharingPopup(this, 'https:\/\/gluk.fr\/blog\/2012\/06\/week-end-a-bergen-part-i\/', 'Week-end%20%C3%A0%20Bergen%2C%20Part%20I', '' )\"><svg xmlns=\"http:\/\/www.w3.org\/2000\/svg\" xmlns:xlink=\"http:\/\/www.w3.org\/1999\/xlink\" viewBox=\"-.3 0 32 32\" version=\"1.1\" width=\"100%\" height=\"100%\" style=\"display:block;border-radius:999px;\" xml:space=\"preserve\"><g><path fill=\"#fff\" d=\"M18 14V8h-4v6H8v4h6v6h4v-6h6v-4h-6z\" fill-rule=\"evenodd\"><\/path><\/g><\/svg><\/span><\/a><\/div><div class=\"heateorSssClear\"><\/div><\/div><div class='heateorSssClear'><\/div>","protected":false},"author":2,"featured_media":0,"comment_status":"open","ping_status":"closed","sticky":false,"template":"","format":"standard","meta":{"footnotes":""},"categories":[8,5,18],"tags":[],"_links":{"self":[{"href":"https:\/\/gluk.fr\/blog\/wp-json\/wp\/v2\/posts\/719"}],"collection":[{"href":"https:\/\/gluk.fr\/blog\/wp-json\/wp\/v2\/posts"}],"about":[{"href":"https:\/\/gluk.fr\/blog\/wp-json\/wp\/v2\/types\/post"}],"author":[{"embeddable":true,"href":"https:\/\/gluk.fr\/blog\/wp-json\/wp\/v2\/users\/2"}],"replies":[{"embeddable":true,"href":"https:\/\/gluk.fr\/blog\/wp-json\/wp\/v2\/comments?post=719"}],"version-history":[{"count":18,"href":"https:\/\/gluk.fr\/blog\/wp-json\/wp\/v2\/posts\/719\/revisions"}],"predecessor-version":[{"id":1237,"href":"https:\/\/gluk.fr\/blog\/wp-json\/wp\/v2\/posts\/719\/revisions\/1237"}],"wp:attachment":[{"href":"https:\/\/gluk.fr\/blog\/wp-json\/wp\/v2\/media?parent=719"}],"wp:term":[{"taxonomy":"category","embeddable":true,"href":"https:\/\/gluk.fr\/blog\/wp-json\/wp\/v2\/categories?post=719"},{"taxonomy":"post_tag","embeddable":true,"href":"https:\/\/gluk.fr\/blog\/wp-json\/wp\/v2\/tags?post=719"}],"curies":[{"name":"wp","href":"https:\/\/api.w.org\/{rel}","templated":true}]}}